{"id":97,"date":"2021-06-15T14:57:35","date_gmt":"2021-06-15T12:57:35","guid":{"rendered":"http:\/\/unrp-sites.com\/essonne\/?p=97"},"modified":"2024-04-11T13:46:31","modified_gmt":"2024-04-11T11:46:31","slug":"lunrp-91-celebre-une-centenaire-2","status":"publish","type":"post","link":"http:\/\/unrp-sites.com\/essonne\/2021\/06\/15\/lunrp-91-celebre-une-centenaire-2\/","title":{"rendered":"<center>L\u2019UNRP 91 c\u00e9l\u00e8bre une centenaire<\/center>"},"content":{"rendered":"<p style=\"text-align: center;\"><span style=\"font-family: arial, helvetica, sans-serif; font-size: 18pt;\">L\u2019UNRP 91 CELEBRE\u00a0 UNE CENTENAIRE<\/span><\/p>\n<p><span style=\"font-family: arial, helvetica, sans-serif; font-size: 18pt;\">Le 25 octobre 2020, l\u2019UNRP 91 a eu la joie de f\u00eater les 100 ans de Madame Myrianne CUNCHON adh\u00e9rente depuis 2007 \u00e0 l\u2019UNRP, section IDF puis notre section \u00e0 sa cr\u00e9ation en 2010. Elle vit \u00e0 Ris-Orangis 91130, avec son fils.<\/span><\/p>\n<p><span style=\"font-family: arial, helvetica, sans-serif; font-size: 18pt;\">A cette occasion, L\u2019UNRP 91 a marqu\u00e9 cet \u00e9v\u00e9nement en offrant un tour de cou, une bouteille de champagne et une composition florale.<\/span><\/p>\n<p><span style=\"font-family: arial, helvetica, sans-serif; font-size: 18pt;\">Francine PELISSIER, tr\u00e9sori\u00e8re adjointe a \u00e9t\u00e9 notre ambassadrice.<\/span><\/p>\n<p><img loading=\"lazy\" decoding=\"async\" class=\"wp-image-716 alignnone\" src=\"http:\/\/www.unrp-sections.com\/wp-content\/uploads\/2020\/10\/cent-ans-2-177x300.jpg\" alt=\"\" width=\"283\" height=\"480\" \/><img loading=\"lazy\" decoding=\"async\" class=\"wp-image-715 alignright\" src=\"http:\/\/www.unrp-sections.com\/wp-content\/uploads\/2020\/10\/Cent-ans2-181x300.jpg\" alt=\"\" width=\"284\" height=\"471\" \/><\/p>\n<p>&nbsp;<\/p>\n","protected":false},"excerpt":{"rendered":"<p>L\u2019UNRP 91 CELEBRE\u00a0 UNE CENTENAIRE Le 25 octobre 2020, l\u2019UNRP 91 a eu la joie de f\u00eater les 100 ans de Madame Myrianne CUNCHON adh\u00e9rente depuis 2007 \u00e0 l\u2019UNRP, section IDF puis notre section \u00e0 sa cr\u00e9ation en 2010. Elle vit \u00e0 Ris-Orangis 91130, avec son fils. A cette occasion, L\u2019UNRP 91 a marqu\u00e9 cet [&hellip;]<\/p>\n","protected":false},"author":2,"featured_media":0,"comment_status":"closed","ping_status":"open","sticky":false,"template":"","format":"standard","meta":{"footnotes":""},"categories":[1],"tags":[],"class_list":["post-97","post","type-post","status-publish","format-standard","hentry","category-non-classe"],"_links":{"self":[{"href":"http:\/\/unrp-sites.com\/essonne\/wp-json\/wp\/v2\/posts\/97","targetHints":{"allow":["GET"]}}],"collection":[{"href":"http:\/\/unrp-sites.com\/essonne\/wp-json\/wp\/v2\/posts"}],"about":[{"href":"http:\/\/unrp-sites.com\/essonne\/wp-json\/wp\/v2\/types\/post"}],"author":[{"embeddable":true,"href":"http:\/\/unrp-sites.com\/essonne\/wp-json\/wp\/v2\/users\/2"}],"replies":[{"embeddable":true,"href":"http:\/\/unrp-sites.com\/essonne\/wp-json\/wp\/v2\/comments?post=97"}],"version-history":[{"count":4,"href":"http:\/\/unrp-sites.com\/essonne\/wp-json\/wp\/v2\/posts\/97\/revisions"}],"predecessor-version":[{"id":101,"href":"http:\/\/unrp-sites.com\/essonne\/wp-json\/wp\/v2\/posts\/97\/revisions\/101"}],"wp:attachment":[{"href":"http:\/\/unrp-sites.com\/essonne\/wp-json\/wp\/v2\/media?parent=97"}],"wp:term":[{"taxonomy":"category","embeddable":true,"href":"http:\/\/unrp-sites.com\/essonne\/wp-json\/wp\/v2\/categories?post=97"},{"taxonomy":"post_tag","embeddable":true,"href":"http:\/\/unrp-sites.com\/essonne\/wp-json\/wp\/v2\/tags?post=97"}],"curies":[{"name":"wp","href":"https:\/\/api.w.org\/{rel}","templated":true}]}}