{"id":977,"date":"2020-01-31T06:29:36","date_gmt":"2020-01-31T08:29:36","guid":{"rendered":"http:\/\/unrp-sites.com\/aquitaine\/?p=977"},"modified":"2020-05-20T03:17:06","modified_gmt":"2020-05-20T05:17:06","slug":"coronavirus","status":"publish","type":"post","link":"http:\/\/unrp-sites.com\/aquitaine\/coronavirus\/","title":{"rendered":"<center>Coronavirus<\/center>"},"content":{"rendered":"<div class=\"art-PostContent\">\n<h2 style=\"text-align: center;\"><span style=\"font-family: arial, helvetica, sans-serif; color: #0000ff;\"><strong>Quelle est l\u2019origine de ce\u00a0virus ?<\/strong><\/span><\/h2>\n<p style=\"text-align: justify;\"><span style=\"font-family: arial, helvetica, sans-serif; font-size: 20px; color: #0000ff;\"><strong>A l\u2019heure actuelle,\u00a0l\u2019origine du virus n\u2019est pas confirm\u00e9e. Selon\u00a0Gao Fu,\u00a0chef du Centre chinois de contr\u00f4le et de pr\u00e9vention des maladies, il\u00a0proviendrait d\u2019animaux sauvages\u00a0vendus sur le\u00a0march\u00e9 de fruits de mer \u00e0 Wuhan.\u00a0Il\u00a0appartiendrait \u00e0 la\u00a0famille des\u00a0coronavirus\u00a0(comptant un grand nombre de virus) qui peut provoquer des maladies b\u00e9nignes chez l\u2019homme comme\u00a0<a style=\"color: #0000ff;\" href=\"https:\/\/sante.journaldesfemmes.fr\/fiches-maladies\/2476842-rhinopharyngite-aigue-virale-contagieux-duree-traitement\/\">un rhume<\/a>\u00a0et\u00a0des\u00a0pathologies plus graves\u00a0comme le\u00a0<a style=\"color: #0000ff;\" href=\"https:\/\/sante.journaldesfemmes.fr\/fiches-maladies\/2606135-sras-definition-symptomes-origine-traitements\/\">Sras<\/a>\u00a0(syndrome respiratoire aigu s\u00e9v\u00e8re) qui en 2002-2003\u00a0avait fait\u00a0774\u00a0morts dans le monde (et venait de Chine).\u00a0En Chine, ce nouveau virus est\u00a0trait\u00e9 comme une\u00a0<a style=\"color: #0000ff;\" href=\"https:\/\/sante.journaldesfemmes.fr\/maladies\/2584365-maladies-infectieuses-definition-liste-traitements\/\">maladie infectieuse<\/a>\u00a0de grade A,\u00a0explique la\u00a0<a style=\"color: #0000ff;\" href=\"http:\/\/en.nhc.gov.cn\/2020-01\/22\/c_75997_3.htm\">Commission nationale de la sant\u00e9<\/a>\u00a0(seules\u00a0la peste bubonique et le chol\u00e9ra\u00a0sont class\u00e9es comme maladies infectieuses de grade A en Chine), qui n\u00e9cessite les\u00a0mesures de pr\u00e9vention\u00a0et de\u00a0contr\u00f4le les plus strictes, y compris la\u00a0mise en quarantaine obligatoire des patients\u00a0et l\u2019observation m\u00e9dicale pour ceux qui ont \u00e9t\u00e9 en contact \u00e9troit avec des patients. Cependant,\u00a0la Commission a quand m\u00eame r\u00e9pertori\u00e9 la\u00a0pneumonie\u00a0caus\u00e9e par le virus parmi les\u00a0maladies infectieuses de grade B, une cat\u00e9gorie qui comprend\u00a0le SRAS, le\u00a0<a style=\"color: #0000ff;\" href=\"https:\/\/sante.journaldesfemmes.fr\/fiches-maladies\/2515989-vih-sida-symptome-traitement-comment-savoir\/\">Sida<\/a>\u00a0et la polio.\u00a0<\/strong><\/span><\/p>\n<p style=\"text-align: justify;\"><span style=\"font-family: arial, helvetica, sans-serif; color: #0000ff;\"><strong>\u00a0<span style=\"font-size: 20px;\"><u>Sources :<\/u><\/span><\/strong><\/span><\/p>\n<p style=\"text-align: justify;\"><span style=\"font-family: arial, helvetica, sans-serif; font-size: 20px; color: #0000ff;\"><strong>Cas group\u00e9s de pneumopathies possiblement associ\u00e9s \u00e0 un nouveau Coronavirus, Wuhan, Chine. Point de situation sur un \u00e9pisode de cas group\u00e9s de pneumonies possiblement li\u00e9 \u00e0 un march\u00e9 d\u2019animaux vivants dans la ville de Wuhan, en Chine. Mis \u00e0 jour le 17\u00a0janvier 2020.<\/strong><\/span><\/p>\n<p style=\"text-align: justify;\"><span style=\"font-family: arial, helvetica, sans-serif; font-size: 20px; color: #0000ff;\"><strong>Sympt\u00f4mes<\/strong><\/span><\/p>\n<p style=\"text-align: justify;\"><span style=\"font-family: arial, helvetica, sans-serif; font-size: 20px; color: #0000ff;\"><strong>Dans sa forme la plus pr\u00e9coce, \u00ab\u00a0<em>la maladie se manifeste par de\u00a0<u><a style=\"color: #0000ff;\" href=\"https:\/\/sante.journaldesfemmes.fr\/quotidien\/2559612-fievre-causes-symptomes-temperature-que-faire\/\">la fi\u00e8vre<\/a><\/u>\u00a0et une toux persistante. Elle est d\u2019une forme l\u00e9g\u00e8re mais durable, et risque en m\u00eame temps de prendre une forme grave\u00a0<\/em>(<u><a style=\"color: #0000ff;\" href=\"https:\/\/sante.journaldesfemmes.fr\/maladies\/2501726-insuffisance-respiratoire-chronique-aigue-grave-traitement\/\">insuffisance respiratoire<\/a><\/u>, complications cardiaques\u2026)<em>\u00a0chez des personnes \u00e2g\u00e9es et des patients atteints d\u2019autres maladies<\/em>\u00ab\u00a0, a indiqu\u00e9 la Commission municipale de l\u2019hygi\u00e8ne et de la sant\u00e9 de Wuhan\u00a0sur son site Internet.<\/strong><\/span><\/p>\n<p style=\"text-align: justify;\"><span style=\"font-family: arial, helvetica, sans-serif; font-size: 20px; color: #0000ff;\"><strong>Dans tous les cas ne pas h\u00e9siter \u00e0 <span style=\"background-color: #ffff00;\">appeler le 15<\/span> et <span style=\"background-color: #ffff00;\">ne pas se rendre aux urgences.<\/span><\/strong><\/span><\/p>\n<\/div>\n","protected":false},"excerpt":{"rendered":"<p>Quelle est l\u2019origine de ce\u00a0virus ? A l\u2019heure actuelle,\u00a0l\u2019origine du virus n\u2019est pas confirm\u00e9e. Selon\u00a0Gao Fu,\u00a0chef du Centre chinois de contr\u00f4le et de pr\u00e9vention des maladies, il\u00a0proviendrait d\u2019animaux sauvages\u00a0vendus sur le\u00a0march\u00e9 de fruits de mer \u00e0 Wuhan.\u00a0Il\u00a0appartiendrait \u00e0 la\u00a0famille des\u00a0coronavirus\u00a0(comptant un grand nombre de virus) qui peut provoquer des maladies b\u00e9nignes chez l\u2019homme comme\u00a0un rhume\u00a0et\u00a0des\u00a0pathologies [&hellip;]<\/p>\n","protected":false},"author":1,"featured_media":0,"comment_status":"closed","ping_status":"open","sticky":false,"template":"","format":"standard","meta":{"footnotes":""},"categories":[1],"tags":[],"class_list":["post-977","post","type-post","status-publish","format-standard","hentry","category-pau-bearn"],"_links":{"self":[{"href":"http:\/\/unrp-sites.com\/aquitaine\/wp-json\/wp\/v2\/posts\/977","targetHints":{"allow":["GET"]}}],"collection":[{"href":"http:\/\/unrp-sites.com\/aquitaine\/wp-json\/wp\/v2\/posts"}],"about":[{"href":"http:\/\/unrp-sites.com\/aquitaine\/wp-json\/wp\/v2\/types\/post"}],"author":[{"embeddable":true,"href":"http:\/\/unrp-sites.com\/aquitaine\/wp-json\/wp\/v2\/users\/1"}],"replies":[{"embeddable":true,"href":"http:\/\/unrp-sites.com\/aquitaine\/wp-json\/wp\/v2\/comments?post=977"}],"version-history":[{"count":0,"href":"http:\/\/unrp-sites.com\/aquitaine\/wp-json\/wp\/v2\/posts\/977\/revisions"}],"wp:attachment":[{"href":"http:\/\/unrp-sites.com\/aquitaine\/wp-json\/wp\/v2\/media?parent=977"}],"wp:term":[{"taxonomy":"category","embeddable":true,"href":"http:\/\/unrp-sites.com\/aquitaine\/wp-json\/wp\/v2\/categories?post=977"},{"taxonomy":"post_tag","embeddable":true,"href":"http:\/\/unrp-sites.com\/aquitaine\/wp-json\/wp\/v2\/tags?post=977"}],"curies":[{"name":"wp","href":"https:\/\/api.w.org\/{rel}","templated":true}]}}