{"id":431,"date":"2017-06-20T19:10:19","date_gmt":"2017-06-20T21:10:19","guid":{"rendered":"http:\/\/unrp-sites.com\/aquitaine\/?p=431"},"modified":"2022-06-30T12:04:02","modified_gmt":"2022-06-30T14:04:02","slug":"retraites-c-s-g","status":"publish","type":"post","link":"http:\/\/unrp-sites.com\/aquitaine\/retraites-c-s-g\/","title":{"rendered":"<center>Appel \u00e0 la vigilance pour un certain nombre de retrait\u00e9s<\/center>"},"content":{"rendered":"<p style=\"text-align: center;\"><span style=\"font-size: 16px; color: #ff6600;\"><span style=\"font-family: arial,helvetica,sans-serif;\">Appel \u00e0 la vigilance pour un certain nombre de retrait\u00e9s<\/span><\/span><\/p>\n<p style=\"text-align: center;\"><span style=\"font-family: arial, helvetica, sans-serif; font-size: 16px;\">REFORME DU MODELE SOCIAL<\/span><br \/>\n<span style=\"font-family: arial, helvetica, sans-serif; font-size: 16px;\"> ET MODIFICATION DU TAUX DE CSG<\/span><br \/>\n<span style=\"font-family: arial, helvetica, sans-serif; font-size: 16px;\"> LES RETRAITES POSENT LEURS REVENDICATIONS<\/span><\/p>\n<p><span style=\"font-family: arial, helvetica, sans-serif; font-size: 16px;\">Le gouvernement pr\u00e9voit de grandes r\u00e9formes pour r\u00e9nover notre mod\u00e8le social. Certaines de ces r\u00e9formes devraient entrer en vigueur d\u00e8s la fin de l\u2019\u00e9t\u00e9. Parmi celles- ci, le transfert des cotisations salariales de l \u2018assurance maladie et l\u2019assurance ch\u00f4mage sur la cotisation sociale g\u00e9n\u00e9ralis\u00e9e (CSG) devrait \u00eatre effective le 1<sup>er<\/sup> janvier 2018.<\/span><\/p>\n<p><span style=\"font-family: arial, helvetica, sans-serif; font-size: 16px;\">Notre Organisation Syndicale n\u2019est pas oppos\u00e9e, par principe, \u00e0 un tel transfert de cotisations, l\u2019assiette de la CSG \u00e9tant plus large donc, plus \u00e9quitable.<\/span><\/p>\n<p><span style=\"font-size: 16px;\"><span style=\"font-family: arial,helvetica,sans-serif;\">Cette mesure concernera tous les retrait\u00e9s assujettis aujourd\u2019hui \u00e0 un taux de CSG de 6,6 % qui passerait \u00e0 8,3 %, soit une augmentation de 1,7 %.<\/span><!--more--><\/span><\/p>\n<p><span style=\"font-family: arial, helvetica, sans-serif; font-size: 16px;\">Par ailleurs, nous notons avec satisfaction que les retrait\u00e9s les plus modestes, n\u2019\u00e9tant pas assujettis \u00e0 la CSG ou juste au taux r\u00e9duit de 3,8 % ne seraient pas concern\u00e9s par cette majoration.<\/span><\/p>\n<p><span style=\"color: #ff0000; font-size: 16px;\"><span style=\"font-family: arial,helvetica,sans-serif;\">Toutefois, pour les retrait\u00e9s dont le revenu fiscal de r\u00e9f\u00e9rence est sup\u00e9rieur \u00e0 14 375 \u20ac (pour une part fiscale), leur pouvoir d\u2019achat serait amput\u00e9 de 1,7 %. L\u2019exon\u00e9ration de la taxe d\u2019habitation qu\u2019il est envisag\u00e9 d\u2019\u00e9tendre pour compenser cette perte aurait un plafond de 20 000 \u20ac (par part fiscale). <\/span><span style=\"font-family: arial,helvetica,sans-serif;\">Par cons\u00e9quent, pour environ 40 % des retrait\u00e9s (revenu fiscal de r\u00e9f\u00e9rence sup\u00e9rieur \u00e0 20 000 \u20ac), leur pension diminuerait bien de 1,7 %.<\/span><\/span><\/p>\n<p><span style=\"font-family: arial, helvetica, sans-serif; font-size: 16px;\">Nous d\u00e9fendons avant tout la place du retrait\u00e9 dans la soci\u00e9t\u00e9 et restons solidaires du monde du travail. Les retrait\u00e9s jouent un r\u00f4le important par leur investissement, leur statut de citoyen, leur place de consommateur. Ils sont le plus souvent, acteurs du lien social comme aidants familiaux ou (et) b\u00e9n\u00e9voles associatifs ou simplement dans la vie citoyenne et contribuent \u00e0 la solidarit\u00e9 entre les g\u00e9n\u00e9rations.<\/span><\/p>\n<p><span style=\"font-family: arial, helvetica, sans-serif; font-size: 16px;\">Il ne faut pas oublier que les retrait\u00e9s ont d\u00e9j\u00e0 largement contribu\u00e9 ces derni\u00e8res ann\u00e9es aux efforts de solidarit\u00e9 (mesures fiscales, suppression de la 1\/2 part, suppression de l\u2019exon\u00e9ration des majorations familiales, CASA ; ou encore gel des pensions&#8230;).<\/span><\/p>\n<p><span style=\"font-family: arial, helvetica, sans-serif; font-size: 16px;\">L\u2019UNSA Retrait\u00e9s est tr\u00e8s attach\u00e9e au maintien du pouvoir d\u2019achat des retrait\u00e9s qui, pour la plupart, ne sont pas des nantis. Il nous appara\u00eet donc injuste que seule une partie de la population ait \u00e0 subir une diminution de son pouvoir d\u2019achat surtout pour financer une assurance qui deviendrait universelle.<\/span><\/p>\n<p><span style=\"font-family: arial, helvetica, sans-serif; font-size: 16px;\">En outre, les pensions des retrait\u00e9s sont aujourd\u2019hui index\u00e9es sur l\u2019indice des prix \u00e0 la consommation, ce qui n\u2019est pas une m\u00e9thode satisfaisante pour le maintien du pouvoir d\u2019achat des retrait\u00e9s en rapport avec l\u2019\u00e9volution du niveau de vie des citoyens (voir les rapports du COR). Avec ce syst\u00e8me, chaque ann\u00e9e, ils perdent 1 % par rapport au salaire des actifs (salaire mensuel de base) qui progresse plus vite que l\u2019inflation.<\/span><\/p>\n<p><span style=\"font-family: arial, helvetica, sans-serif; font-size: 16px;\">L\u2019UNSA Retrait\u00e9s revendique :<\/span><\/p>\n<ul>\n<li><span style=\"font-size: 16px;\"><span style=\"font-family: arial,helvetica,sans-serif;\">&#8211; Que la revalorisation des pensions tienne compte \u00e0 la fois de l\u2019\u00e9volution des prix et de l\u2019\u00e9volution du salaire annuel moyen,<\/span><\/span><\/li>\n<li><span style=\"font-size: 16px;\"><span style=\"font-family: arial,helvetica,sans-serif;\">&#8211; Qu\u2019il n\u2019y ait plus de petites pensions inf\u00e9rieures au SMIC pour une carri\u00e8re compl\u00e8te,<\/span><\/span><\/li>\n<li><span style=\"font-size: 16px;\"><span style=\"font-family: arial,helvetica,sans-serif;\">&#8211; Que les pensions soient revaloris\u00e9es au 1<sup>er<\/sup> avril et non pas au 1<sup>er<\/sup> octobre,<\/span><\/span><\/li>\n<li><span style=\"font-size: 16px;\"><span style=\"font-family: arial,helvetica,sans-serif;\">&#8211; Que le pouvoir d\u2019achat des retrait\u00e9s ne soit pas \u00e0 nouveau amput\u00e9 par cette hausse de 1,7 % de CSG ; ou alors, que cette hausse soit totalement compens\u00e9e comme pour les actifs.<\/span><\/span><\/li>\n<\/ul>\n<p style=\"text-align: right;\">\n","protected":false},"excerpt":{"rendered":"<p>Appel \u00e0 la vigilance pour un certain nombre de retrait\u00e9s REFORME DU MODELE SOCIAL ET MODIFICATION DU TAUX DE CSG LES RETRAITES POSENT LEURS REVENDICATIONS Le gouvernement pr\u00e9voit de grandes r\u00e9formes pour r\u00e9nover notre mod\u00e8le social. Certaines de ces r\u00e9formes devraient entrer en vigueur d\u00e8s la fin de l\u2019\u00e9t\u00e9. Parmi celles- ci, le transfert des [&hellip;]<\/p>\n","protected":false},"author":1,"featured_media":0,"comment_status":"closed","ping_status":"closed","sticky":false,"template":"","format":"standard","meta":{"footnotes":""},"categories":[7],"tags":[],"class_list":["post-431","post","type-post","status-publish","format-standard","hentry","category-charente"],"_links":{"self":[{"href":"http:\/\/unrp-sites.com\/aquitaine\/wp-json\/wp\/v2\/posts\/431","targetHints":{"allow":["GET"]}}],"collection":[{"href":"http:\/\/unrp-sites.com\/aquitaine\/wp-json\/wp\/v2\/posts"}],"about":[{"href":"http:\/\/unrp-sites.com\/aquitaine\/wp-json\/wp\/v2\/types\/post"}],"author":[{"embeddable":true,"href":"http:\/\/unrp-sites.com\/aquitaine\/wp-json\/wp\/v2\/users\/1"}],"replies":[{"embeddable":true,"href":"http:\/\/unrp-sites.com\/aquitaine\/wp-json\/wp\/v2\/comments?post=431"}],"version-history":[{"count":2,"href":"http:\/\/unrp-sites.com\/aquitaine\/wp-json\/wp\/v2\/posts\/431\/revisions"}],"predecessor-version":[{"id":1467,"href":"http:\/\/unrp-sites.com\/aquitaine\/wp-json\/wp\/v2\/posts\/431\/revisions\/1467"}],"wp:attachment":[{"href":"http:\/\/unrp-sites.com\/aquitaine\/wp-json\/wp\/v2\/media?parent=431"}],"wp:term":[{"taxonomy":"category","embeddable":true,"href":"http:\/\/unrp-sites.com\/aquitaine\/wp-json\/wp\/v2\/categories?post=431"},{"taxonomy":"post_tag","embeddable":true,"href":"http:\/\/unrp-sites.com\/aquitaine\/wp-json\/wp\/v2\/tags?post=431"}],"curies":[{"name":"wp","href":"https:\/\/api.w.org\/{rel}","templated":true}]}}