{"id":1457,"date":"2020-03-23T11:04:36","date_gmt":"2020-03-23T13:04:36","guid":{"rendered":"http:\/\/unrp-sites.com\/aquitaine\/?p=1457"},"modified":"2022-06-23T11:15:04","modified_gmt":"2022-06-23T13:15:04","slug":"rapport-moral-de-la-40eme-assemblee-de-lunrp-40","status":"publish","type":"post","link":"http:\/\/unrp-sites.com\/aquitaine\/rapport-moral-de-la-40eme-assemblee-de-lunrp-40\/","title":{"rendered":"<center>Rapport moral de la 40\u00e8me Assembl\u00e9e de l&rsquo;UNRP 40<\/center>"},"content":{"rendered":"<p><span style=\"font-family: arial, helvetica, sans-serif; font-size: 20px;\">Mesdames, Messieurs, Chers amis et adh\u00e9rents,<\/span><\/p>\n<p><span style=\"font-family: arial, helvetica, sans-serif; font-size: 20px;\">C&rsquo;est avec un plaisir renouvel\u00e9 que nous nous retrouvons dans cette salle F\u00e9lix Arnaudin, mis aimablement \u00e0 notre disposition par la Mairie de Saint Paul l\u00e8s Dax. Qu&rsquo;elle en soit, ici, une nouvelle fois remerci\u00e9e.<\/span><\/p>\n<p><span style=\"font-family: arial, helvetica, sans-serif; font-size: 20px;\">Je tiens \u00e0 saluer la pr\u00e9sence parmi nous de M. CAUSSE, d\u00e9put\u00e9 des Landes, signe de l&rsquo;int\u00e9r\u00eat qu&rsquo;il porte tant \u00e0 la police qu&rsquo;\u00e0 ses retrait\u00e9s. Qu&rsquo;il en soit remerci\u00e9.<\/span><\/p>\n<p><span style=\"font-family: arial, helvetica, sans-serif; font-size: 20px;\"><img loading=\"lazy\" decoding=\"async\" class=\"wp-image-581 alignleft\" src=\"http:\/\/www.unrp-sections.com\/wp-content\/uploads\/2020\/03\/ecusson-landes-300x284.jpg\" alt=\"\" width=\"109\" height=\"103\" \/>Si la 39\u00e8me assembl\u00e9e g\u00e9n\u00e9rale constituait l&rsquo;aboutissement du travail d&rsquo;une \u00e9quipe qui a sorti l&rsquo;UNRP 40 de l&rsquo;orni\u00e8re, la 40\u00e8me, marqu\u00e9e par le renouvellement du bureau, s&rsquo;inscrit dans le droit fil de notre devise \u00a0\u00bb R\u00e9unir, Soutenir, D\u00e9fendre\u00a0\u00bb.<\/span><\/p>\n<p><span style=\"font-family: arial, helvetica, sans-serif; font-size: 20px;\">2) L&rsquo;\u00e9quipe d&rsquo;Andr\u00e9 Vigouroux nous a r\u00e9uni ; \u00e0 nous de poursuivre la t\u00e2che : vous soutenir dans les moments difficiles et vous d\u00e9fendre dans cette conjoncture particuli\u00e8rement anxiog\u00e8ne.<\/span><\/p>\n<p><span style=\"font-family: arial, helvetica, sans-serif; font-size: 20px;\">Si en activit\u00e9 nous avons souvent \u00e9t\u00e9 divis\u00e9s, les m\u00e9tiers de la s\u00e9curit\u00e9 se retrouvent dans notre association : Que vous soyez anciens fonctionnaires de la police nationale, de l&rsquo;administration pr\u00e9fectorale des cadres d&#8217;emploi de la police municipale cette maison est la v\u00f4tre.<!--more--><\/span><\/p>\n<p><span style=\"font-family: arial, helvetica, sans-serif; font-size: 20px;\">Se r\u00e9unir nous l&rsquo;avons aussi r\u00e9alis\u00e9 au sein du p\u00f4le des retrait\u00e9s de la fonction publique. Avec l&rsquo;association nationale des retrait\u00e9s de la Poste et d&rsquo;Orange, de la f\u00e9d\u00e9ration g\u00e9n\u00e9rale des retrait\u00e9s de la fonction publique, de la f\u00e9d\u00e9ration nationale des officiers de mariniers, de l&rsquo;union nationale du personnel et des retrait\u00e9s de la gendarmerie, de l&rsquo;union nationale des sous-officiers en retraite nous poursuivons des objectifs similaires au service des fonctionnaires retrait\u00e9s et, depuis le 16 septembre 2003, date de la signature du partenariat, nous mettons en commun nos potentialit\u00e9s militantes afin de renforcer l&rsquo;efficacit\u00e9 du p\u00f4le des retrait\u00e9s de la fonction publique.<\/span><\/p>\n<p><span style=\"font-family: arial, helvetica, sans-serif; font-size: 20px;\">Soutenir et d\u00e9fendre, deux verbes qui prennent tout leur sens dans la conjoncture actuelle. Les agressions se succ\u00e8dent depuis plusieurs ann\u00e9es\u00a0: apr\u00e8s la suppression de la 1\/2 part pour les veuves et veufs, l&rsquo;augmentation des mutuelles, du forfait hospitalier, de l&rsquo;\u00e9lectricit\u00e9,\u00a0 la d\u00e9sindexation des retraites, les attaques du statut de la fonction publique\u00a0 voici venu le temps<\/span><\/p>\n<p><span style=\"font-family: arial, helvetica, sans-serif; font-size: 20px;\">3) La r\u00e9forme des retraites.<\/span><\/p>\n<p><span style=\"font-family: arial, helvetica, sans-serif; font-size: 20px;\">Mais le pire est, je crois, le m\u00e9pris qui nous est affich\u00e9. Nous, qui avons travaill\u00e9 toute notre vie dans une profession compliqu\u00e9e, dangereuse, \u00e9motionnellement difficile, oscillant en permanence entre le sang et les larmes, sommes trait\u00e9s de nantis, de profiteurs d&rsquo;un syst\u00e8me de retraite que l&rsquo;on veut abattre. Et pour les plus faibles d&rsquo;entre nous qu&rsquo;en sera-t-il des pensions de reversions?<\/span><\/p>\n<p><span style=\"font-family: arial, helvetica, sans-serif; font-size: 20px;\">A partir de quel \u00e2ge pourront-elles \u00eatre per\u00e7ues ?<\/span><\/p>\n<p><span style=\"font-family: arial, helvetica, sans-serif; font-size: 20px;\">Quel sera le mode de calcul ?<\/span><\/p>\n<p>&nbsp;<\/p>\n<p><span style=\"font-family: arial, helvetica, sans-serif; font-size: 20px;\">La situation n&rsquo;est pas plus gaie pour nos coll\u00e8gues en activit\u00e9. D&rsquo;universel annon\u00e7ant la\u00a0\u00a0 fin des r\u00e9gimes sp\u00e9ciaux (dont le n\u00f4tre) au maintien dans des conditions n\u00e9buleuses, le statut des policiers s&rsquo;\u00e9crit en pointill\u00e9s.<\/span><\/p>\n<p><span style=\"font-family: arial, helvetica, sans-serif; font-size: 20px;\">Il est plus que jamais important de montrer notre solidarit\u00e9 interg\u00e9n\u00e9rationnelle avec nos coll\u00e8gues actifs qui traversent des moments difficiles : maintien de l&rsquo;ordre \u00e0 r\u00e9p\u00e9tition, heures suppl\u00e9mentaires qui explosent ni pay\u00e9es ni r\u00e9cup\u00e9r\u00e9es, mat\u00e9riel obsol\u00e8te, r\u00e9it\u00e9ration des mises en cause sur les r\u00e9seaux sociaux sans jamais avoir la parole pour se d\u00e9fendre, et surtout burnouts et suicides en cascade.<\/span><\/p>\n<p><span style=\"font-family: arial, helvetica, sans-serif; font-size: 20px;\">Il est de notre devoir de nous battre pour nos coll\u00e8gues futurs retrait\u00e9s \u00e0 qui l&rsquo;ont promet l&rsquo;\u00e9galit\u00e9 avec le secteur priv\u00e9 et ipso facto la fin des six derniers<\/span><\/p>\n<p><span style=\"font-family: arial, helvetica, sans-serif; font-size: 20px;\">4) mois de bonus pour le calcul de la retraite. En fait cette r\u00e9forme s&rsquo;inscrit dans la paup\u00e9risation des fonctionnaires.<\/span><\/p>\n<p><span style=\"font-family: arial, helvetica, sans-serif; font-size: 20px;\">Il est tout aussi important de montrer notre solidarit\u00e9 inter-retrait\u00e9e \u00e0 travers le p\u00f4le des retrait\u00e9s de la fonction publique. Nous avons une libert\u00e9 de paroles et d&rsquo;actes que nos coll\u00e8gues n&rsquo;ont pas, utilisons-la pour d\u00e9fendre ce statut qui nous est cher.<\/span><\/p>\n<p><span style=\"font-family: arial, helvetica, sans-serif; font-size: 20px;\">A ce titre nos avons particip\u00e9 \u00e0 plusieurs manifestations aux c\u00f4t\u00e9s de l&rsquo;intersyndicale mise en place dans les landes mais sous notre banni\u00e8re. A aucun moment nous n&rsquo;avons \u00e9t\u00e9 pris \u00e0 partie, la solidarit\u00e9 n&rsquo;est pas un vain mot elle a jou\u00e9 \u00e0 plein.<\/span><\/p>\n<p><span style=\"font-family: arial, helvetica, sans-serif; font-size: 20px;\">Le bureau d\u00e9partemental est l\u00e0 pour vous assister, n&rsquo;h\u00e9sitez pas \u00e0 nous contacter.\u00a0<\/span><\/p>\n<p><span style=\"font-family: arial, helvetica, sans-serif; font-size: 20px;\">Pour assurer aussi le devoir de m\u00e9moire et rendre hommage \u00e0 nos disparus nous comptons deux nouveaux porte-drapeaux Gilbert Dabrin et Jean-Louis Larrat. Ceci devrait nous permettre d&rsquo;\u00eatre encore plus pr\u00e9sent lors des c\u00e9r\u00e9monies de comm\u00e9moration.<\/span><\/p>\n<p><span style=\"font-family: arial, helvetica, sans-serif; font-size: 20px;\">Nous avons honor\u00e9 les invitations aux assembl\u00e9es g\u00e9n\u00e9rales de la F\u00e9d\u00e9ration Nationale des Retrait\u00e9s de la Fonction Publique \u00e0 St Paul l\u00e8s Dax, de l&rsquo;Union nationale du personnel et des retrait\u00e9s de la Gendarmerie \u00e0 OZOURT, de<\/span><\/p>\n<p><span style=\"font-family: arial, helvetica, sans-serif; font-size: 20px;\">5) l&rsquo;UNRP 64 B\u00e9arn \u00e0 Lescar et Pays Basque \u00e0 Anglet<\/span><\/p>\n<p><span style=\"font-family: arial, helvetica, sans-serif; font-size: 20px;\">Notre journ\u00e9e p\u00e9tanque, organis\u00e9e \u00e0 HERM a rencontr\u00e9 un vif succ\u00e8s sous la houlette de R\u00e9gis, Monique, Jean-Luc et du conseil d&rsquo;administration. Merci \u00e0 la municipalit\u00e9 pour la gratuit\u00e9 de la salle.<\/span><\/p>\n<p><span style=\"font-family: arial, helvetica, sans-serif; font-size: 20px;\">Aux v\u0153ux de l&rsquo;UNRP nous ont fait l&rsquo;honneur d&rsquo;\u00eatre pr\u00e9sent Mme la Maire de Saint Paul l\u00e8s Dax, plusieurs conseillers municipaux de Dax ainsi que<\/span><\/p>\n<p><span style=\"font-family: arial, helvetica, sans-serif; font-size: 20px;\">M.Gabriel BELLOCQ, conseiller g\u00e9n\u00e9ral.<\/span><\/p>\n<p><span style=\"font-family: arial, helvetica, sans-serif; font-size: 20px;\">Je lance un appel \u00e0 candidatures pour le renouvellement du bureau, n&rsquo;h\u00e9sitez pas \u00e0 venir nous rejoindre, la p\u00e9riode est rude et toutes les bonnes volont\u00e9s sont les bienvenues.<\/span><\/p>\n<p><span style=\"font-family: arial, helvetica, sans-serif; font-size: 20px;\">Je tiens \u00e0 remercier R\u00e9gis Mouton, notre Pr\u00e9sident, Aline Bardet, vice-pr\u00e9sidente en charge de la tr\u00e9sorerie, et tous les membres du conseil d&rsquo;administration pour leur engagement sans faille au sein de notre association.<\/span><\/p>\n<p><span style=\"font-family: arial, helvetica, sans-serif; font-size: 20px;\">Je tiens \u00e0 souligner l&rsquo;organisation de nos amis gendarmes qui n&rsquo;abandonnent jamais l&rsquo;un des leurs. Dans leur sigle sont associ\u00e9s personnel et retrait\u00e9s. De fait les actifs vont \u00e0 la rencontre de leurs a\u00een\u00e9s, ne manquent pas de les inviter \u00e0 leurs manifestations et se font remplacer par eux lorsque les contingences de service les emp\u00eachent d&rsquo;assurer des comm\u00e9morations.<\/span><\/p>\n<p><span style=\"font-family: arial, helvetica, sans-serif; font-size: 20px;\">6)<\/span><\/p>\n<p><span style=\"font-family: arial, helvetica, sans-serif; font-size: 20px;\">Que ne faisons-nous pareil ? Forte de 84 sections et de 10 000 membres, l&rsquo;U.N.R.P. est boud\u00e9e dans les services comme si la retraite \u00e9tait une maladie contagieuse. Ce manque de reconnaissance est un des signes de la d\u00e9liquescence de notre soci\u00e9t\u00e9.<\/span><\/p>\n<p><span style=\"font-family: arial, helvetica, sans-serif; font-size: 20px;\">En conclusion, chers amis, ne nous divisons pas, n&rsquo;ayons pas un regard \u00e9go\u00efste sur notre soci\u00e9t\u00e9 en pensant \u00ab\u00a0les grands corps de l&rsquo;Etat ne sont pas touch\u00e9s, le sort des autres m&rsquo;importe peu sous peine de devoir faire notre cette terrible phrase du pasteur allemand anti nazi Martin Niemoller:<\/span><\/p>\n<blockquote><p><span style=\"font-family: arial, helvetica, sans-serif; font-size: 20px;\">Quand ils sont venus chercher les communistes, je n&rsquo;ai rien dit, je n&rsquo;\u00e9tais pas communiste<\/span><\/p>\n<p><span style=\"font-family: arial, helvetica, sans-serif; font-size: 20px;\">Quand ils sont venus chercher les syndicalistes, je n&rsquo;ai rien dit, je n&rsquo;\u00e9tais pas syndicaliste<\/span><\/p>\n<p><span style=\"font-family: arial, helvetica, sans-serif; font-size: 20px;\">Quand ils sont venus chercher les juifs, je n&rsquo;ai rien dit, je n&rsquo;\u00e9tais pas juif.<\/span><\/p>\n<p><span style=\"font-family: arial, helvetica, sans-serif; font-size: 20px;\">Quand ils sont venus chercher les catholiques je n&rsquo;ai rien dit, je n&rsquo;\u00e9tais pas catholique.<\/span><\/p>\n<p><span style=\"font-family: arial, helvetica, sans-serif; font-size: 20px;\">Et puis ils sont venus me chercher et il ne restait plus personne pour protester.<\/span><\/p><\/blockquote>\n<p style=\"text-align: right;\"><span style=\"font-family: arial, helvetica, sans-serif; font-size: 20px;\">\u00a0\u00a0\u00a0\u00a0\u00a0\u00a0\u00a0\u00a0\u00a0\u00a0\u00a0\u00a0\u00a0\u00a0\u00a0\u00a0\u00a0 La Vice &#8211; Pr\u00e9sident D\u00e9partementale de l\u2019UNRP 40<\/span><\/p>\n<p style=\"text-align: right;\"><span style=\"font-family: arial, helvetica, sans-serif; font-size: 20px;\">\u00a0\u00a0\u00a0\u00a0\u00a0\u00a0\u00a0\u00a0\u00a0\u00a0\u00a0\u00a0\u00a0\u00a0\u00a0\u00a0\u00a0 Charg\u00e9e du Secr\u00e9tariat Elisabeth CHENA BASANTA<\/span><\/p>\n","protected":false},"excerpt":{"rendered":"<p>Mesdames, Messieurs, Chers amis et adh\u00e9rents, C&rsquo;est avec un plaisir renouvel\u00e9 que nous nous retrouvons dans cette salle F\u00e9lix Arnaudin, mis aimablement \u00e0 notre disposition par la Mairie de Saint Paul l\u00e8s Dax. Qu&rsquo;elle en soit, ici, une nouvelle fois remerci\u00e9e. Je tiens \u00e0 saluer la pr\u00e9sence parmi nous de M. CAUSSE, d\u00e9put\u00e9 des Landes, [&hellip;]<\/p>\n","protected":false},"author":1,"featured_media":0,"comment_status":"open","ping_status":"open","sticky":false,"template":"","format":"standard","meta":{"footnotes":""},"categories":[12],"tags":[],"class_list":["post-1457","post","type-post","status-publish","format-standard","hentry","category-landes"],"_links":{"self":[{"href":"http:\/\/unrp-sites.com\/aquitaine\/wp-json\/wp\/v2\/posts\/1457","targetHints":{"allow":["GET"]}}],"collection":[{"href":"http:\/\/unrp-sites.com\/aquitaine\/wp-json\/wp\/v2\/posts"}],"about":[{"href":"http:\/\/unrp-sites.com\/aquitaine\/wp-json\/wp\/v2\/types\/post"}],"author":[{"embeddable":true,"href":"http:\/\/unrp-sites.com\/aquitaine\/wp-json\/wp\/v2\/users\/1"}],"replies":[{"embeddable":true,"href":"http:\/\/unrp-sites.com\/aquitaine\/wp-json\/wp\/v2\/comments?post=1457"}],"version-history":[{"count":3,"href":"http:\/\/unrp-sites.com\/aquitaine\/wp-json\/wp\/v2\/posts\/1457\/revisions"}],"predecessor-version":[{"id":1460,"href":"http:\/\/unrp-sites.com\/aquitaine\/wp-json\/wp\/v2\/posts\/1457\/revisions\/1460"}],"wp:attachment":[{"href":"http:\/\/unrp-sites.com\/aquitaine\/wp-json\/wp\/v2\/media?parent=1457"}],"wp:term":[{"taxonomy":"category","embeddable":true,"href":"http:\/\/unrp-sites.com\/aquitaine\/wp-json\/wp\/v2\/categories?post=1457"},{"taxonomy":"post_tag","embeddable":true,"href":"http:\/\/unrp-sites.com\/aquitaine\/wp-json\/wp\/v2\/tags?post=1457"}],"curies":[{"name":"wp","href":"https:\/\/api.w.org\/{rel}","templated":true}]}}