{"id":1178,"date":"2021-07-17T05:00:10","date_gmt":"2021-07-17T07:00:10","guid":{"rendered":"http:\/\/unrp-sites.com\/aquitaine\/?p=1178"},"modified":"2022-05-25T10:10:29","modified_gmt":"2022-05-25T12:10:29","slug":"cumul-emploi-retraite-des-policiers","status":"publish","type":"post","link":"http:\/\/unrp-sites.com\/aquitaine\/cumul-emploi-retraite-des-policiers\/","title":{"rendered":"<center>Cumul emploi-retraite des policiers<\/center>"},"content":{"rendered":"<p><span style=\"font-family: arial, helvetica, sans-serif; font-size: 20px;\">Les possibilit\u00e9s de cumul emploi\/retraite des policiers ont \u00e9t\u00e9 assouplies par l\u2019article 31 de la loi n\u00b0 2021-646 du 25 mai 2021 pour une s\u00e9curit\u00e9 globale pr\u00e9servant les libert\u00e9s. Jusqu\u2019\u00e0 pr\u00e9sent, les policiers retrait\u00e9s qui reprenaient une activit\u00e9 r\u00e9mun\u00e9r\u00e9e \u00e9taient soumis aux r\u00e8gles de cumul emploi\/retraite applicables \u00e0 tous les fonctionnaires de l\u2019Etat, qui pouvaient aboutir, selon le montant de leur r\u00e9mun\u00e9ration, \u00e0 un plafonnement de leur pension.<\/span><\/p>\n<p><span style=\"font-family: arial, helvetica, sans-serif; font-size: 20px;\">Depuis le 27 mai 2021, date d\u2019entr\u00e9e en vigueur des nouvelles dispositions, les personnels des services actifs de police, qui remplissent les conditions d\u2019un d\u00e9part anticip\u00e9 sp\u00e9cifique police, ne sont plus soumis aux r\u00e8gles de cumul emploi\/retraite s\u2019ils exercent une activit\u00e9 en lien avec la s\u00e9curit\u00e9.<\/span><\/p>\n<h2><span style=\"font-family: arial, helvetica, sans-serif;\">1 \u2013 Les personnels concern\u00e9s :<\/span><\/h2>\n<p><span style=\"font-family: arial, helvetica, sans-serif; font-size: 20px;\">Cette disposition ne concerne pas tous les corps des services actifs de police, mais uniquement ceux pouvant b\u00e9n\u00e9ficier d\u2019un d\u00e9part anticip\u00e9 sp\u00e9cifique police tel que pr\u00e9vu par le 1er alin\u00e9a de l\u2019article 2 de la loi n\u00b0 57-444 du 8 avril 1957 instituant un r\u00e9gime particulier de retraites en faveur des personnels actifs de police (corps dont la limite d\u2019\u00e2ge est de 57 ans avec possibilit\u00e9 de d\u00e9part anticip\u00e9 \u00e0 52 ans et 27 ans de services actifs police).<\/span><\/p>\n<p><span style=\"font-family: arial, helvetica, sans-serif; font-size: 20px;\">Sont donc concern\u00e9s les personnels du corps d\u2019encadrement et d\u2019application (gardien de la paix, brigadier de police, brigadier- chef de police, major de police, RULP) et du corps de commandement et d\u2019encadrement (capitaine de police, commandant de police, commandant divisionnaire de police).<\/span><\/p>\n<p><span style=\"font-family: arial, helvetica, sans-serif; font-size: 20px;\">Les titulaires d\u2019une pension accord\u00e9e avant l\u2019entr\u00e9e en vigueur de la loi du 25 mai 2021 peuvent \u00e9galement b\u00e9n\u00e9ficier de ces nouvelles dispositions.<\/span><\/p>\n<h2><span style=\"font-family: arial, helvetica, sans-serif;\">2-\u00a0 Les activit\u00e9s concern\u00e9es :<\/span><\/h2>\n<p><span style=\"font-family: arial, helvetica, sans-serif; font-size: 20px;\">Seules les activit\u00e9s priv\u00e9es de surveillance et de gardiennage, de transport de fonds, de protection physique des personnes et de protection des navires, permettent de b\u00e9n\u00e9ficier des nouvelles dispositions et de cumuler int\u00e9gralement son salaire et sa pension.<\/span><\/p>\n<p><span style=\"font-family: arial, helvetica, sans-serif; font-size: 20px;\">Ces activit\u00e9s sont list\u00e9es \u00e0 l\u2019article L 611-1 du code de la s\u00e9curit\u00e9 int\u00e9rieure.<\/span><\/p>\n<h2><span style=\"font-family: arial, helvetica, sans-serif;\">3-\u00a0 Entr\u00e9e en vigueur :<\/span><\/h2>\n<p><span style=\"font-family: arial, helvetica, sans-serif; font-size: 20px;\">Ces dispositions s\u2019appliquent depuis l\u2019entr\u00e9e en vigueur de la loi du 25 mai 2021, soit depuis le 27 mai 2021.<\/span><\/p>\n<p>&nbsp;<\/p>\n<p>&nbsp;<\/p>\n","protected":false},"excerpt":{"rendered":"<p>Les possibilit\u00e9s de cumul emploi\/retraite des policiers ont \u00e9t\u00e9 assouplies par l\u2019article 31 de la loi n\u00b0 2021-646 du 25 mai 2021 pour une s\u00e9curit\u00e9 globale pr\u00e9servant les libert\u00e9s. Jusqu\u2019\u00e0 pr\u00e9sent, les policiers retrait\u00e9s qui reprenaient une activit\u00e9 r\u00e9mun\u00e9r\u00e9e \u00e9taient soumis aux r\u00e8gles de cumul emploi\/retraite applicables \u00e0 tous les fonctionnaires de l\u2019Etat, qui pouvaient [&hellip;]<\/p>\n","protected":false},"author":1,"featured_media":0,"comment_status":"closed","ping_status":"open","sticky":false,"template":"","format":"standard","meta":{"footnotes":""},"categories":[11],"tags":[],"class_list":["post-1178","post","type-post","status-publish","format-standard","hentry","category-gironde"],"_links":{"self":[{"href":"http:\/\/unrp-sites.com\/aquitaine\/wp-json\/wp\/v2\/posts\/1178","targetHints":{"allow":["GET"]}}],"collection":[{"href":"http:\/\/unrp-sites.com\/aquitaine\/wp-json\/wp\/v2\/posts"}],"about":[{"href":"http:\/\/unrp-sites.com\/aquitaine\/wp-json\/wp\/v2\/types\/post"}],"author":[{"embeddable":true,"href":"http:\/\/unrp-sites.com\/aquitaine\/wp-json\/wp\/v2\/users\/1"}],"replies":[{"embeddable":true,"href":"http:\/\/unrp-sites.com\/aquitaine\/wp-json\/wp\/v2\/comments?post=1178"}],"version-history":[{"count":0,"href":"http:\/\/unrp-sites.com\/aquitaine\/wp-json\/wp\/v2\/posts\/1178\/revisions"}],"wp:attachment":[{"href":"http:\/\/unrp-sites.com\/aquitaine\/wp-json\/wp\/v2\/media?parent=1178"}],"wp:term":[{"taxonomy":"category","embeddable":true,"href":"http:\/\/unrp-sites.com\/aquitaine\/wp-json\/wp\/v2\/categories?post=1178"},{"taxonomy":"post_tag","embeddable":true,"href":"http:\/\/unrp-sites.com\/aquitaine\/wp-json\/wp\/v2\/tags?post=1178"}],"curies":[{"name":"wp","href":"https:\/\/api.w.org\/{rel}","templated":true}]}}